{"id":3328,"date":"2019-10-02T08:54:33","date_gmt":"2019-10-02T06:54:33","guid":{"rendered":"http:\/\/ftg-pfungstadt-sportakrobatik.de\/?p=3328"},"modified":"2019-10-02T08:57:51","modified_gmt":"2019-10-02T06:57:51","slug":"horst-stephan-pokal-in-nieder-liebersbach-28-09-2019","status":"publish","type":"post","link":"https:\/\/ftg-pfungstadt-sportakrobatik.de\/?p=3328","title":{"rendered":"Horst-Stephan-Pokal in Nieder-Liebersbach 28.09.2019"},"content":{"rendered":"<p>3x Gold f\u00fcr FTG Sportler\/innen am Horst-Stephan-Pokal in Nieder-Liebersbach.<\/p>\n<p>Der zweite Wettkampf im zweiten Halbjahr f\u00fchrte uns, wie die Woche zuvor, wieder nach Nieder-Liebersbach.<\/p>\n<p>Wir traten mit 6 Formationen an. Unser Damenpaar Luise Herrmann und No\u00e9mi Jan\u00df konnten ihren letzten gemeinsamen Start leider nicht verwirklichen aufgrund von Krankheit von Luise. Es ist sehr schade, dass der letzte Wettkampf nicht stattfinden konnte. Wir freuen uns aber auf eure letzte \u00dcbung an der Sportgala am 02.10. in Pfungstadt.<\/p>\n<p>Als erstes mussten Mara Lauqu\u00e9, Victoria Jagla und Emma Essner mit ihrer Kombi \u00dcbung bei den Damengruppen N1 ran. Die Drei turnten ihre \u00dcbung gut. Keine groben Fehler und eine sch\u00f6ne Choreografie. Sie belegten Platz 8 von 17 Damengruppen. Ein tolles Ergebnis.<\/p>\n<p>Isabel Desiere und Juliana Dunkel starteten im Damenpaar in der Altersklasse N1. Nach dem letzten gemeinsamen Wettkampf mit Amaya an der Hessische Meisterschaft, konnten sie den 1. Platz am Horst-Stephan-Pokal mit nach Hause nehmen. Ebenfalls auch ein sehr gelungener Abschluss f\u00fcr das Trio bzw. Isabel und Juliana denn auch sie werden von nun an mit neuen Partnern trainieren.<\/p>\n<p>Einen nicht so guten Tag erwischten Ida Rosenthal und Lilly Rieber. Beim Aufsprung auf die Schulter kippte Lilly nach vorne \u00fcber und Ida konnte das Element nicht mehr fixieren, dies kostete 0,5 Punkte. Die restliche \u00dcbung war super. Platz 7 in der Gesamtwertung der N1 Damenpaare. Aktuell sind Ida und Lilly nominiert f\u00fcr die DMM in Ebersbach. Am 27.10. entscheidet sich, ob sie in der Nachwuchsmannschaft von Hessen starten d\u00fcrfen. Daumen sind gedr\u00fcckt!<\/p>\n<p>Younes El Azzaoui und Fabienne Stieglitz meisterten ihren ersten gemeinsamen Wettkampf und ihren ersten Wettkampf \u00fcberhaupt sehr gut. Von ihrer Aufregung war auf der Matte nichts mehr zu sehen und vom Applaus unserer Mannschaft getrieben zeigten sie eine tolle \u00dcbung. Unsere J\u00fcngsten haben das klasse gemacht! Platz 3 hie\u00df es f\u00fcr sie und die Freude \u00fcber ihre erste Medaille war sehr gro\u00df.<\/p>\n<p>Nachdem Sascha Dengler und Isha Roberts an der Hessischen Meisterschaft, wegen einer Verletzung, passen mussten, konnten sie am Horst-Stephan-Pokal ihre Kombi \u00dcbung zeigten. Bis auf den Hand Hand der nicht richtig fixiert werden konnte, turnten sie eine gute \u00dcbung und landeten am Ende auf Platz 1. Auch sie sind nominiert f\u00fcr die DMM und werden am 27.10. erfahren, ob sie mitfahren d\u00fcrfen nach Ebersbach. Daumen sind gedr\u00fcckt!<\/p>\n<p>Zu guter letzt startete unsere Damengruppe Alida Dunkel, Jana Becker und Lilly Hein. Souver\u00e4n riefen sie ihre neue \u00dcbung ab und belegten den 1. Platz. Am Schluss erhielten sie sogar noch einen Pokal f\u00fcr die Tagesh\u00f6chstwertung in ihrer Altersklasse Nachwuchsklasse 2.<\/p>\n<p>Wir freuen uns sehr \u00fcber die tollen Ergebnisse und w\u00fcnschen euch jetzt erst mal ruhige und sch\u00f6ne Herbstferien.<\/p>\n<p>Als Kampfrichter waren mit dabei Judith Rapp und No\u00e9lle-Christin Binczyk.<\/p>\n<p>Als Trainer geht Dank an Sophia Kunder und Vanessa Rapp.<\/p>\n","protected":false},"excerpt":{"rendered":"<p>3x Gold f\u00fcr FTG Sportler\/innen am Horst-Stephan-Pokal in Nieder-Liebersbach. Der zweite Wettkampf im zweiten Halbjahr f\u00fchrte uns, wie die Woche zuvor, wieder nach Nieder-Liebersbach. Wir traten mit 6 Formationen an. Unser Damenpaar Luise Herrmann und No\u00e9mi Jan\u00df konnten ihren letzten gemeinsamen Start leider nicht verwirklichen aufgrund von Krankheit von Luise. Es ist sehr schade, dass [&hellip;]<\/p>\n","protected":false},"author":2,"featured_media":3332,"comment_status":"closed","ping_status":"closed","sticky":false,"template":"","format":"standard","meta":{"footnotes":""},"categories":[4,1,6,5],"tags":[],"class_list":["post-3328","post","type-post","status-publish","format-standard","has-post-thumbnail","hentry","category-aktuelles","category-allgemein","category-archiv","category-presseberichte"],"_links":{"self":[{"href":"https:\/\/ftg-pfungstadt-sportakrobatik.de\/index.php?rest_route=\/wp\/v2\/posts\/3328","targetHints":{"allow":["GET"]}}],"collection":[{"href":"https:\/\/ftg-pfungstadt-sportakrobatik.de\/index.php?rest_route=\/wp\/v2\/posts"}],"about":[{"href":"https:\/\/ftg-pfungstadt-sportakrobatik.de\/index.php?rest_route=\/wp\/v2\/types\/post"}],"author":[{"embeddable":true,"href":"https:\/\/ftg-pfungstadt-sportakrobatik.de\/index.php?rest_route=\/wp\/v2\/users\/2"}],"replies":[{"embeddable":true,"href":"https:\/\/ftg-pfungstadt-sportakrobatik.de\/index.php?rest_route=%2Fwp%2Fv2%2Fcomments&post=3328"}],"version-history":[{"count":2,"href":"https:\/\/ftg-pfungstadt-sportakrobatik.de\/index.php?rest_route=\/wp\/v2\/posts\/3328\/revisions"}],"predecessor-version":[{"id":3330,"href":"https:\/\/ftg-pfungstadt-sportakrobatik.de\/index.php?rest_route=\/wp\/v2\/posts\/3328\/revisions\/3330"}],"wp:featuredmedia":[{"embeddable":true,"href":"https:\/\/ftg-pfungstadt-sportakrobatik.de\/index.php?rest_route=\/wp\/v2\/media\/3332"}],"wp:attachment":[{"href":"https:\/\/ftg-pfungstadt-sportakrobatik.de\/index.php?rest_route=%2Fwp%2Fv2%2Fmedia&parent=3328"}],"wp:term":[{"taxonomy":"category","embeddable":true,"href":"https:\/\/ftg-pfungstadt-sportakrobatik.de\/index.php?rest_route=%2Fwp%2Fv2%2Fcategories&post=3328"},{"taxonomy":"post_tag","embeddable":true,"href":"https:\/\/ftg-pfungstadt-sportakrobatik.de\/index.php?rest_route=%2Fwp%2Fv2%2Ftags&post=3328"}],"curies":[{"name":"wp","href":"https:\/\/api.w.org\/{rel}","templated":true}]}}