{"id":6107,"date":"2023-06-10T12:01:26","date_gmt":"2023-06-10T10:01:26","guid":{"rendered":"https:\/\/ftg-pfungstadt-sportakrobatik.de\/?p=6107"},"modified":"2023-06-10T12:08:16","modified_gmt":"2023-06-10T10:08:16","slug":"platz-10-in-dynamik-an-der-deutschen-meisterschaft","status":"publish","type":"post","link":"https:\/\/ftg-pfungstadt-sportakrobatik.de\/?p=6107","title":{"rendered":"Platz 10 in Dynamik an der Deutschen Meisterschaft"},"content":{"rendered":"<p>Deutsche Meisteschaft Sch\u00fcler und Junioren 2<\/p>\n<p>Am 28. und 29.05. fand die Deutsche Meisterschaft der Sch\u00fcler und Junioren 2 in Dresden statt.\u00a023 Damengruppen gingen an den Start. Unsere Damengruppe Alida Dunkel, Jana Becker und Mira Sch\u00e4fer gingen an den Start bei den Junioren 2.<br \/>\nVon Jana und Mira war es die erste Deutsche Meisterschaft.<br \/>\nDie erste \u00dcbung war am Sonntag die Dynamik\u00fcbung. Sie turnten die \u00dcbung sauber durch. Der Hand Hand stand perfekt auch die restlichen Elemente haben alle super geklappt. Mit ihrer peppigen Musik und der tollen Umsetzung der Choreografie erhielten sie 23,260 Punkte. Dies bedeutete Platz 10.<\/p>\n<p>Die Balance \u00dcbung kam erst kurz vor Ende des Wettkampfes\u00a0 dran. Alle Elemente klappten super, doch am\u00a0Ende des letzten Elements passierte leider ein gravierender Fehler. Beim Abgang des P-Elements verloren die Drei ihre Stabilit\u00e4t und Mira konnte nicht mehr auf ihren F\u00fc\u00dfen landen. Sie st\u00fcrzte auf den Boden und dies bedeutete 1 Punkt Abzug. Leider reichte es am Ende nicht f\u00fcr das Finale.<\/p>\n<p>Trotzdem k\u00f6nnen sie mit ihrer Leistung zufrieden sein. Wir Trainer sind es auf jeden Fall.<\/p>\n<p>Die Balance und Dynamik\u00fcbung wurde am Ende zusammen gerechnet und sie kamen insgesamt auf den 12. Platz.<\/p>\n<p>Als Trainer waren Olaf Maa\u00df und No\u00e9lle-Christin Binczyk dabei.<\/p>\n<p>&nbsp;<\/p>\n<p>Foto: A. Iser<\/p>\n","protected":false},"excerpt":{"rendered":"<p>Deutsche Meisteschaft Sch\u00fcler und Junioren 2 Am 28. und 29.05. fand die Deutsche Meisterschaft der Sch\u00fcler und Junioren 2 in Dresden statt.\u00a023 Damengruppen gingen an den Start. Unsere Damengruppe Alida Dunkel, Jana Becker und Mira Sch\u00e4fer gingen an den Start bei den Junioren 2. Von Jana und Mira war es die erste Deutsche Meisterschaft. Die [&hellip;]<\/p>\n","protected":false},"author":3,"featured_media":6110,"comment_status":"closed","ping_status":"closed","sticky":false,"template":"","format":"standard","meta":{"footnotes":""},"categories":[1],"tags":[],"class_list":["post-6107","post","type-post","status-publish","format-standard","has-post-thumbnail","hentry","category-allgemein"],"_links":{"self":[{"href":"https:\/\/ftg-pfungstadt-sportakrobatik.de\/index.php?rest_route=\/wp\/v2\/posts\/6107","targetHints":{"allow":["GET"]}}],"collection":[{"href":"https:\/\/ftg-pfungstadt-sportakrobatik.de\/index.php?rest_route=\/wp\/v2\/posts"}],"about":[{"href":"https:\/\/ftg-pfungstadt-sportakrobatik.de\/index.php?rest_route=\/wp\/v2\/types\/post"}],"author":[{"embeddable":true,"href":"https:\/\/ftg-pfungstadt-sportakrobatik.de\/index.php?rest_route=\/wp\/v2\/users\/3"}],"replies":[{"embeddable":true,"href":"https:\/\/ftg-pfungstadt-sportakrobatik.de\/index.php?rest_route=%2Fwp%2Fv2%2Fcomments&post=6107"}],"version-history":[{"count":2,"href":"https:\/\/ftg-pfungstadt-sportakrobatik.de\/index.php?rest_route=\/wp\/v2\/posts\/6107\/revisions"}],"predecessor-version":[{"id":6115,"href":"https:\/\/ftg-pfungstadt-sportakrobatik.de\/index.php?rest_route=\/wp\/v2\/posts\/6107\/revisions\/6115"}],"wp:featuredmedia":[{"embeddable":true,"href":"https:\/\/ftg-pfungstadt-sportakrobatik.de\/index.php?rest_route=\/wp\/v2\/media\/6110"}],"wp:attachment":[{"href":"https:\/\/ftg-pfungstadt-sportakrobatik.de\/index.php?rest_route=%2Fwp%2Fv2%2Fmedia&parent=6107"}],"wp:term":[{"taxonomy":"category","embeddable":true,"href":"https:\/\/ftg-pfungstadt-sportakrobatik.de\/index.php?rest_route=%2Fwp%2Fv2%2Fcategories&post=6107"},{"taxonomy":"post_tag","embeddable":true,"href":"https:\/\/ftg-pfungstadt-sportakrobatik.de\/index.php?rest_route=%2Fwp%2Fv2%2Ftags&post=6107"}],"curies":[{"name":"wp","href":"https:\/\/api.w.org\/{rel}","templated":true}]}}